{"id":59960,"date":"2021-04-11T11:00:57","date_gmt":"2021-04-11T03:00:57","guid":{"rendered":"https:\/\/primer.com.ph\/blog\/?p=59960"},"modified":"2021-04-08T11:29:32","modified_gmt":"2021-04-08T03:29:32","slug":"instituto-cervantes-presents-the-works-of-four-contemporary-spanish-filmmakers","status":"publish","type":"post","link":"https:\/\/primer.com.ph\/blog\/2021\/04\/11\/instituto-cervantes-presents-the-works-of-four-contemporary-spanish-filmmakers\/","title":{"rendered":"Instituto Cervantes Presents the Works of Four Contemporary Spanish Filmmakers"},"content":{"rendered":"<p><span lang=\"EN-US\">This April, <strong>Instituto Cervantes de Manila<\/strong>\u00a0<\/span>will screen online the works of four contemporary Spanish filmmakers. The film series &#8220;<strong>Del corto al largo<\/strong>&#8221; will be streaming two works (a short and a feature film) by each of the selected filmmakers: directors <strong>\u00c1lex Montoya<\/strong>, <strong>Bel\u00e9n Mac\u00edas<\/strong> and <strong>Juanjo Gim\u00e9nez<\/strong>, and producer <strong>Mar\u00eda del Puy Alvarado<\/strong>.<\/p>\n<p style=\"text-align: center\"><span lang=\"EN-US\"> <img loading=\"lazy\" decoding=\"async\" class=\"aligncenter size-full wp-image-59968\" src=\"https:\/\/primer.com.ph\/blog\/wp-content\/uploads\/sites\/14\/2021\/04\/institutodecervantes.png\" alt=\"\" width=\"990\" height=\"522\" srcset=\"https:\/\/primer.com.ph\/blog\/wp-content\/uploads\/sites\/14\/2021\/04\/institutodecervantes.png 990w, https:\/\/primer.com.ph\/blog\/wp-content\/uploads\/sites\/14\/2021\/04\/institutodecervantes-300x158.png 300w, https:\/\/primer.com.ph\/blog\/wp-content\/uploads\/sites\/14\/2021\/04\/institutodecervantes-768x405.png 768w\" sizes=\"auto, (max-width: 990px) 100vw, 990px\" \/><span style=\"font-size: 10pt\"><em>IMAGE from Instituto Cervantes de Manila<\/em><\/span><\/span><\/p>\n<p><span lang=\"EN-US\">The films will be shown through the Instituto Cervantes&#8217; <a href=\"https:\/\/vimeo.com\/institutocervantes\">Vimeo channel<\/a>\u00a0and will be freely accessible for 48 hours from their start date and time.<\/span><\/p>\n<p><span lang=\"EN-US\">The series, which comprises of eight films, will kick off on April 7, Wednesday, at 2 a.m. with the online screening of<i>\u00a0Lucas<\/i>, directed by\u00a0<b>Alex Montoya<\/b> in 2016. Available anytime for 48 hours, the short film can be watched for free and with English subtitles through this <a href=\"https:\/\/vimeo.com\/519053672?fbclid=IwAR1JPH7kaN61gtFB7Ly_YslHqPn9-DDE6dhdYmValXwexuH2-2jzkPAIlDE\">link<\/a><\/span><span lang=\"EN-US\">.<\/span><\/p>\n<p style=\"text-align: center\"><span lang=\"EN-US\"> <img loading=\"lazy\" decoding=\"async\" class=\"aligncenter size-full wp-image-59969\" src=\"https:\/\/primer.com.ph\/blog\/wp-content\/uploads\/sites\/14\/2021\/04\/lucas_alex_montoya_500.png\" alt=\"\" width=\"500\" height=\"319\" srcset=\"https:\/\/primer.com.ph\/blog\/wp-content\/uploads\/sites\/14\/2021\/04\/lucas_alex_montoya_500.png 500w, https:\/\/primer.com.ph\/blog\/wp-content\/uploads\/sites\/14\/2021\/04\/lucas_alex_montoya_500-300x191.png 300w\" sizes=\"auto, (max-width: 500px) 100vw, 500px\" \/><em style=\"font-size: 10pt\"><br \/>\nIMAGE from Instituto Cervantes de Manila<\/em><\/span><\/p>\n<p><span lang=\"EN-US\">Enjoy the weekend watching the comedy\u00a0<i>Asamblea<\/i>, directed by Alex Montoya in 2018. It is\u00a0<\/span><span lang=\"EN-US\">an interesting work of adaptation of the play \u201c<em>La gente<\/em>\u201d, by <strong>Juli Disla<\/strong> and <strong>Jaume P\u00e9rez<\/strong>, also screenwriters of the film. The emergence of assembly groups after the political movements after 2011 served their authors to cast a comic look at decision-making processes and the capacity for dialogue of the human being.\u00a0<\/span><span lang=\"EN-US\">The movie will be available on April 10 &amp; 11, and will be accessible through this <a href=\"https:\/\/vimeo.com\/518996347?fbclid=IwAR0kOWhN0gwzWXmJqGfdm3k-_70v5m-yiPg-oK__424zVQUk9IqfiYV68xI\">link<\/a>.<\/span><\/p>\n<p style=\"text-align: center\"><img loading=\"lazy\" decoding=\"async\" class=\"aligncenter size-full wp-image-59970\" src=\"https:\/\/primer.com.ph\/blog\/wp-content\/uploads\/sites\/14\/2021\/04\/asamblea_alex_montoya_280.png\" alt=\"\" width=\"280\" height=\"192\" \/><\/p>\n<p style=\"text-align: center\"><span lang=\"EN-US\"><span style=\"font-size: 10pt\"><em>IMAGE from Instituto Cervantes de Manila<\/em><\/span><\/span><\/p>\n<p><span lang=\"EN-US\">The film cycle will continue on April 14, Wednesday, with\u00a0<i>Mala espina\u00a0<\/i>(2001), a\u00a0<\/span><span lang=\"EN-US\">short film by\u00a0<b>Bel\u00e9n Mac\u00edas<\/b>, which tells the summer story of a teenage girl who lives in a huge conflict with her elders. <\/span><i><span lang=\"EN-US\">Mala espina<\/span><\/i><span lang=\"EN-US\">\u00a0can be seen free on April 14 &amp; 15 by clicking this <a href=\"https:\/\/vimeo.com\/519059285\">link<\/a>.<\/span><\/p>\n<p style=\"text-align: center\"><img loading=\"lazy\" decoding=\"async\" class=\"aligncenter size-full wp-image-59971\" src=\"https:\/\/primer.com.ph\/blog\/wp-content\/uploads\/sites\/14\/2021\/04\/mala_espina_belen_macias_500.png\" alt=\"\" width=\"500\" height=\"302\" srcset=\"https:\/\/primer.com.ph\/blog\/wp-content\/uploads\/sites\/14\/2021\/04\/mala_espina_belen_macias_500.png 500w, https:\/\/primer.com.ph\/blog\/wp-content\/uploads\/sites\/14\/2021\/04\/mala_espina_belen_macias_500-300x181.png 300w\" sizes=\"auto, (max-width: 500px) 100vw, 500px\" \/><\/p>\n<p style=\"text-align: center\"><span lang=\"EN-US\"><span style=\"font-size: 10pt\"><em>IMAGE from Instituto Cervantes de Manila<\/em><\/span><\/span><\/p>\n<p><span lang=\"EN-US\">\u00a0<\/span><span lang=\"EN-US\">The same week, on April 17 &amp; 18, Bel\u00e9n Mac\u00edas\u2019 feature film\u00a0<i>Marsella<\/i>\u00a0(2013) shows a dramatic duel between its two protagonists, <strong>Goya Toledo<\/strong> and <strong>Mar\u00eda Le\u00f3n<\/strong>, both in a true state of acting grace.<\/span><span lang=\"EN-US\">\u00a0<\/span><\/p>\n<p style=\"text-align: center\"><img loading=\"lazy\" decoding=\"async\" class=\"aligncenter size-full wp-image-59972\" src=\"https:\/\/primer.com.ph\/blog\/wp-content\/uploads\/sites\/14\/2021\/04\/marsella_cartel.png\" alt=\"\" width=\"339\" height=\"483\" srcset=\"https:\/\/primer.com.ph\/blog\/wp-content\/uploads\/sites\/14\/2021\/04\/marsella_cartel.png 339w, https:\/\/primer.com.ph\/blog\/wp-content\/uploads\/sites\/14\/2021\/04\/marsella_cartel-211x300.png 211w\" sizes=\"auto, (max-width: 339px) 100vw, 339px\" \/><\/p>\n<p style=\"text-align: center\"><span lang=\"EN-US\"><span style=\"font-size: 10pt\"><em>IMAGE from Instituto Cervantes de Manila<\/em><\/span><\/span><\/p>\n<p><span lang=\"EN-US\">The third filmmaker on focus will be\u00a0<b>Juanjo Gim\u00e9nez<\/b>.\u00a0<\/span>On April 21 &amp; 22, Wednesday, Instituto Cervantes will offer the free online screening of\u00a0<i>Rodilla<\/i>\u00a0(2009)<i>,\u00a0<\/i>a short film about the world of soccer, the passions it arouses, and the emotional universe that it means for many people.<span lang=\"EN-US\">\u00a0<\/span><\/p>\n<p style=\"text-align: center\"><span lang=\"EN-US\">\u00a0 <img loading=\"lazy\" decoding=\"async\" class=\"aligncenter size-full wp-image-59973\" src=\"https:\/\/primer.com.ph\/blog\/wp-content\/uploads\/sites\/14\/2021\/04\/rodilla_cartel.png\" alt=\"\" width=\"319\" height=\"448\" srcset=\"https:\/\/primer.com.ph\/blog\/wp-content\/uploads\/sites\/14\/2021\/04\/rodilla_cartel.png 319w, https:\/\/primer.com.ph\/blog\/wp-content\/uploads\/sites\/14\/2021\/04\/rodilla_cartel-214x300.png 214w\" sizes=\"auto, (max-width: 319px) 100vw, 319px\" \/><\/span><\/p>\n<p style=\"text-align: center\"><span lang=\"EN-US\"><span style=\"font-size: 10pt\"><em>IMAGE from Instituto Cervantes de Manila<\/em><\/span><\/span><\/p>\n<p><span lang=\"EN-US\">It will be followed on April 24 &amp; 25 by<\/span><span lang=\"EN-US\">\u00a0Juanjo Gim\u00e9nez&#8217;s feature film<\/span><span lang=\"EN-US\">\u00a0<i>Nos hacemos falta<\/i>\u00a0(2001), a<\/span><span lang=\"EN-US\"> peculiar road movie that tells the encounter between different antiheroes.\u00a0<\/span><span lang=\"EN-US\">\u00a0<\/span><\/p>\n<p style=\"text-align: center\"><img loading=\"lazy\" decoding=\"async\" class=\"aligncenter size-full wp-image-59974\" src=\"https:\/\/primer.com.ph\/blog\/wp-content\/uploads\/sites\/14\/2021\/04\/nos_hacemos_falta_-gimenez_500.png\" alt=\"\" width=\"500\" height=\"309\" srcset=\"https:\/\/primer.com.ph\/blog\/wp-content\/uploads\/sites\/14\/2021\/04\/nos_hacemos_falta_-gimenez_500.png 500w, https:\/\/primer.com.ph\/blog\/wp-content\/uploads\/sites\/14\/2021\/04\/nos_hacemos_falta_-gimenez_500-300x185.png 300w\" sizes=\"auto, (max-width: 500px) 100vw, 500px\" \/><\/p>\n<p style=\"text-align: center\"><span lang=\"EN-US\"><span style=\"font-size: 10pt\"><em>IMAGE from Instituto Cervantes de Manila<\/em><\/span><\/span><\/p>\n<p><span lang=\"EN-US\">Finally, the series will close with two samples of\u00a0<\/span><span lang=\"EN-US\">producer\u00a0<b>Mar\u00eda del Puy Alvarado<\/b>\u2019s work. Her trajectory has touched almost every gender. A fine proof is given by the short film\u00a0<i>Pulse\u00a0<\/i>(2013), a thriller set in Ukraine but shot in Madrid, which tackles one of the many crimes that are unfortunately perpetrated around the world against adolescents.<\/span><\/p>\n<p style=\"text-align: center\"><span lang=\"EN-US\"> <img loading=\"lazy\" decoding=\"async\" class=\"aligncenter size-full wp-image-59975\" src=\"https:\/\/primer.com.ph\/blog\/wp-content\/uploads\/sites\/14\/2021\/04\/pulse_g_sarmiento_500.png\" alt=\"\" width=\"500\" height=\"328\" srcset=\"https:\/\/primer.com.ph\/blog\/wp-content\/uploads\/sites\/14\/2021\/04\/pulse_g_sarmiento_500.png 500w, https:\/\/primer.com.ph\/blog\/wp-content\/uploads\/sites\/14\/2021\/04\/pulse_g_sarmiento_500-300x197.png 300w\" sizes=\"auto, (max-width: 500px) 100vw, 500px\" \/><\/span><\/p>\n<p style=\"text-align: center\"><span lang=\"EN-US\"><span style=\"font-size: 10pt\"><em>IMAGE from Instituto Cervantes de Manila<\/em><\/span><\/span><\/p>\n<p><span lang=\"EN-US\">The closing movie of the cycle,\u00a0<i>Antonio Mu\u00f1oz Molina, el oficio de escritor<\/i> (2014), will be streamed on May 1 &amp; 2. With it, Mar\u00eda del Puy Alvarado faced the proposal to produce a documentary about the writer Antonio Mu\u00f1oz Molina, to give an account of the main creators of Spanish culture.<\/span><\/p>\n<p style=\"text-align: center\"><img loading=\"lazy\" decoding=\"async\" class=\"aligncenter size-full wp-image-59976\" src=\"https:\/\/primer.com.ph\/blog\/wp-content\/uploads\/sites\/14\/2021\/04\/munoz_olina_oficio_g_sarmiento_500.png\" alt=\"\" width=\"500\" height=\"281\" srcset=\"https:\/\/primer.com.ph\/blog\/wp-content\/uploads\/sites\/14\/2021\/04\/munoz_olina_oficio_g_sarmiento_500.png 500w, https:\/\/primer.com.ph\/blog\/wp-content\/uploads\/sites\/14\/2021\/04\/munoz_olina_oficio_g_sarmiento_500-300x169.png 300w\" sizes=\"auto, (max-width: 500px) 100vw, 500px\" \/><\/p>\n<p style=\"text-align: center\"><span lang=\"EN-US\"><span style=\"font-size: 10pt\"><em>IMAGE from Instituto Cervantes de Manila<\/em><\/span><\/span><\/p>\n<p><span lang=\"EN-US\">The films, presented by Instituto Cervantes in collaboration with\u00a0<\/span>ALCINE, the Alcal\u00e1 de Henares Film Festival (Spain), and the\u00a0<span lang=\"EN-US\">Embassy of Spain in the Philippines, will be\u00a0<b>in Spanish with English subtitles<\/b>. Admission is\u00a0<b>free<\/b>.<\/span><\/p>\n<p><span lang=\"EN-US\"> For further information on this film series, please check out the <a href=\"https:\/\/www.facebook.com\/events\/355457229118138\">event page<\/a> on the Instituto Cervantes de Manila <a href=\"https:\/\/www.facebook.com\/InstitutoCervantesManila\">Facebook page<\/a>.<\/span><\/p>\n<hr \/>\n<p><em><span style=\"font-size: 10pt\">This is a press release. Minor edits were made prior to publishing.<\/span><\/em><\/p>\n","protected":false},"excerpt":{"rendered":"<p>Instituto Cervantes is presenting the works of directors \u00c1lex Montoya, Bel\u00e9n Mac\u00edas, and Juanjo Gim\u00e9nez, and producer Mar\u00eda del Puy Alvarado online in the film series &#8220;Del corto al largo&#8221; throughout this April.<\/p>\n","protected":false},"author":3,"featured_media":59968,"comment_status":"open","ping_status":"open","sticky":false,"template":"","format":"standard","meta":{"footnotes":""},"categories":[94],"tags":[14658,14657,14651,14659,14649,14646,14660,14650,14652,14661,14653,14655,14656,14654,14647,14648],"class_list":["post-59960","post","type-post","status-publish","format-standard","has-post-thumbnail","hentry","category-press-release","tag-alex-montoya","tag-antonio-munoz-molina-el-oficio-de-escritor","tag-asamblea","tag-belen-macias","tag-del-corto-al-largo","tag-instituto-cervantes-de-manila-films","tag-juanjo-gimenez","tag-lucas","tag-mala-espina","tag-maria-del-puy-alvarado","tag-marsella","tag-nos-hacemos-falta","tag-pulse","tag-rodilla","tag-spanish-films-in-the-philippines","tag-what-to-watch-in-april-2021"],"acf":[],"jetpack_featured_media_url":"https:\/\/primer.com.ph\/blog\/wp-content\/uploads\/sites\/14\/2021\/04\/institutodecervantes.png","_links":{"self":[{"href":"https:\/\/primer.com.ph\/blog\/wp-json\/wp\/v2\/posts\/59960","targetHints":{"allow":["GET"]}}],"collection":[{"href":"https:\/\/primer.com.ph\/blog\/wp-json\/wp\/v2\/posts"}],"about":[{"href":"https:\/\/primer.com.ph\/blog\/wp-json\/wp\/v2\/types\/post"}],"author":[{"embeddable":true,"href":"https:\/\/primer.com.ph\/blog\/wp-json\/wp\/v2\/users\/3"}],"replies":[{"embeddable":true,"href":"https:\/\/primer.com.ph\/blog\/wp-json\/wp\/v2\/comments?post=59960"}],"version-history":[{"count":13,"href":"https:\/\/primer.com.ph\/blog\/wp-json\/wp\/v2\/posts\/59960\/revisions"}],"predecessor-version":[{"id":59992,"href":"https:\/\/primer.com.ph\/blog\/wp-json\/wp\/v2\/posts\/59960\/revisions\/59992"}],"wp:featuredmedia":[{"embeddable":true,"href":"https:\/\/primer.com.ph\/blog\/wp-json\/wp\/v2\/media\/59968"}],"wp:attachment":[{"href":"https:\/\/primer.com.ph\/blog\/wp-json\/wp\/v2\/media?parent=59960"}],"wp:term":[{"taxonomy":"category","embeddable":true,"href":"https:\/\/primer.com.ph\/blog\/wp-json\/wp\/v2\/categories?post=59960"},{"taxonomy":"post_tag","embeddable":true,"href":"https:\/\/primer.com.ph\/blog\/wp-json\/wp\/v2\/tags?post=59960"}],"curies":[{"name":"wp","href":"https:\/\/api.w.org\/{rel}","templated":true}]}}