{"id":47979,"date":"2019-09-12T09:00:52","date_gmt":"2019-09-12T01:00:52","guid":{"rendered":"https:\/\/primer.com.ph\/blog\/?p=47979"},"modified":"2019-09-12T16:11:37","modified_gmt":"2019-09-12T08:11:37","slug":"santis-delicatessen-holds-in-store-food-and-wine-tasting-featuring-olmeda-origenes-products","status":"publish","type":"post","link":"https:\/\/primer.com.ph\/blog\/2019\/09\/12\/santis-delicatessen-holds-in-store-food-and-wine-tasting-featuring-olmeda-origenes-products\/","title":{"rendered":"S\u00e4ntis Delicatessen Holds In-Store Food and Wine Tasting Featuring Olmeda Origenes Products"},"content":{"rendered":"<p style=\"text-align: justify\"><b>S\u00e4ntis Delicatessen<\/b><span style=\"font-weight: 400\">\u00a0brought the<\/span><span style=\"font-weight: 400\">\u00a0owner and brand ambassador of Olmeda Origenes <\/span><b>Jes\u00fas Pel\u00e1ez<\/b><span style=\"font-weight: 400\">\u00a0to\u00a0select branches for an in-store food and wine tasting from <\/span><b>September 9 to 14, 2019<\/b>\u2014in conjunction with their Taste of Spain promo.<\/p>\n<p style=\"text-align: center\"><img loading=\"lazy\" decoding=\"async\" class=\"aligncenter size-full wp-image-47986\" src=\"https:\/\/primer.com.ph\/blog\/wp-content\/uploads\/sites\/14\/2019\/09\/Food-Tasting_2.jpg\" alt=\"\" width=\"800\" height=\"534\" srcset=\"https:\/\/primer.com.ph\/blog\/wp-content\/uploads\/sites\/14\/2019\/09\/Food-Tasting_2.jpg 800w, https:\/\/primer.com.ph\/blog\/wp-content\/uploads\/sites\/14\/2019\/09\/Food-Tasting_2-300x200.jpg 300w, https:\/\/primer.com.ph\/blog\/wp-content\/uploads\/sites\/14\/2019\/09\/Food-Tasting_2-768x513.jpg 768w\" sizes=\"auto, (max-width: 800px) 100vw, 800px\" \/><span style=\"font-size: 10pt\"><em>In-store food and wine tasting at S\u00e4ntis Delicatessen BGC last September 11<\/em><\/span><\/p>\n<p style=\"text-align: justify\"><span style=\"font-weight: 400\">S\u00e4ntis Delicatessen\u2019s food tasting event features <\/span><b>Olmeda Origenes, <\/b><span style=\"font-weight: 400\">a Spanish deli brand that supplies a wide variety of food from Spain, which exudes exceptional quality at reasonable prices.<\/span><\/p>\n<h3 style=\"text-align: justify\"><b>Olmeda Origenes<\/b><\/h3>\n<p style=\"text-align: justify\"><span style=\"font-weight: 400\">The concept of Olmeda came from Jes\u00fas Pel\u00e1ez\u2019s hometown\u2014<\/span><i><span style=\"font-weight: 400\">Olmeda de las Fuentes<\/span><\/i><span style=\"font-weight: 400\">, a small village in Madrid, Spain where good quality Spanish products came from. <\/span><\/p>\n<p style=\"text-align: justify\"><span style=\"font-weight: 400\">They are a known supplier of traditional Spanish food like cured hams, cold meat, artisan cheeses, canned fish, seasonings and spices, and more.<\/span><\/p>\n<p style=\"text-align: center\"><img loading=\"lazy\" decoding=\"async\" class=\"aligncenter size-full wp-image-47987\" src=\"https:\/\/primer.com.ph\/blog\/wp-content\/uploads\/sites\/14\/2019\/09\/Jesus-Pelaez_2.jpg\" alt=\"\" width=\"800\" height=\"534\" srcset=\"https:\/\/primer.com.ph\/blog\/wp-content\/uploads\/sites\/14\/2019\/09\/Jesus-Pelaez_2.jpg 800w, https:\/\/primer.com.ph\/blog\/wp-content\/uploads\/sites\/14\/2019\/09\/Jesus-Pelaez_2-300x200.jpg 300w, https:\/\/primer.com.ph\/blog\/wp-content\/uploads\/sites\/14\/2019\/09\/Jesus-Pelaez_2-768x513.jpg 768w\" sizes=\"auto, (max-width: 800px) 100vw, 800px\" \/><span style=\"font-size: 10pt\"><em>Jes\u00fas Pel\u00e1ez,\u00a0owner and brand ambassador of Olmeda Origenes, carves\u00a0a slice of\u00a0Jamon Serrano<\/em><\/span><\/p>\n<h3 style=\"text-align: justify\"><b>Quick Spanish delights at S\u00e4ntis<\/b><\/h3>\n<p style=\"text-align: justify\"><span style=\"font-weight: 400\">Pel\u00e1ez showed various ways of preparing and presenting all the Olmeda products while discussing each product to the customers. He made use of Olmeda\u2019s prime products such as ham, cheese, anchovies, sardines, and Spanish seasonings.<\/span><\/p>\n<p style=\"text-align: center\"><img loading=\"lazy\" decoding=\"async\" class=\"aligncenter size-full wp-image-47985\" src=\"https:\/\/primer.com.ph\/blog\/wp-content\/uploads\/sites\/14\/2019\/09\/Food-Tasting.jpg\" alt=\"\" width=\"800\" height=\"534\" srcset=\"https:\/\/primer.com.ph\/blog\/wp-content\/uploads\/sites\/14\/2019\/09\/Food-Tasting.jpg 800w, https:\/\/primer.com.ph\/blog\/wp-content\/uploads\/sites\/14\/2019\/09\/Food-Tasting-300x200.jpg 300w, https:\/\/primer.com.ph\/blog\/wp-content\/uploads\/sites\/14\/2019\/09\/Food-Tasting-768x513.jpg 768w\" sizes=\"auto, (max-width: 800px) 100vw, 800px\" \/><span style=\"font-size: 10pt\"><em>Manchego cheese drizzled with extra virgin olive oil and paprika to taste<\/em><\/span><\/p>\n<p style=\"text-align: justify\"><span style=\"font-weight: 400\">Some of the meat products showcased in the food tasting were<\/span><b> Iberico Chorizo de Bellotta (Php 2,856\/kg)<\/b><span style=\"font-weight: 400\">, <\/span><b>Fuet Catalan (Php 2,992\/kg)<\/b><span style=\"font-weight: 400\">, and\u00a0<\/span><b>Chorizo del Pueblo (Php 541).<\/b><span style=\"font-weight: 400\">\u00a0<\/span><\/p>\n<p style=\"text-align: justify\"><span style=\"font-weight: 400\">The main highlight<\/span><b>\u00a0<\/b>was<b> Jamon Serrano bone-in (Php 2,144\/kg),<\/b><span style=\"font-weight: 400\"> which is included in S\u00e4ntis\u2019 Taste of Spain raffle promo.<\/span><\/p>\n<p><i>Also read: <\/i><a href=\"https:\/\/primer.com.ph\/blog\/2019\/09\/02\/have-a-taste-of-spain-in-manila-at-santis-delicatessen\/\"><i>Have a Taste of Spain in Manila at S\u00e4ntis Delicatessen<\/i><\/a><\/p>\n<p style=\"text-align: center\"><img loading=\"lazy\" decoding=\"async\" class=\"aligncenter size-full wp-image-47990\" src=\"https:\/\/primer.com.ph\/blog\/wp-content\/uploads\/sites\/14\/2019\/09\/Jamon-Serrano.jpg\" alt=\"\" width=\"800\" height=\"534\" srcset=\"https:\/\/primer.com.ph\/blog\/wp-content\/uploads\/sites\/14\/2019\/09\/Jamon-Serrano.jpg 800w, https:\/\/primer.com.ph\/blog\/wp-content\/uploads\/sites\/14\/2019\/09\/Jamon-Serrano-300x200.jpg 300w, https:\/\/primer.com.ph\/blog\/wp-content\/uploads\/sites\/14\/2019\/09\/Jamon-Serrano-768x513.jpg 768w\" sizes=\"auto, (max-width: 800px) 100vw, 800px\" \/><span style=\"font-size: 10pt\"><em>Cured hams and cold cuts: Iberico Chorizo de Bellotta, Fuet Catalan, Chorizo del Pueblo, and Jamon Serrano Bone-in<\/em><\/span><\/p>\n<p style=\"text-align: justify\"><span style=\"font-weight: 400\">For the cheese selection, they have the <\/span><b>Mahon (Php 2,584\/kg)<\/b><span style=\"font-weight: 400\"> and <\/span><b>San Simon da Costa (Php 2,047\/kg)<\/b><span style=\"font-weight: 400\">, which are among the new Olmeda products available in S\u00e4ntis. <\/span><\/p>\n<p style=\"text-align: justify\"><span style=\"font-weight: 400\">There was also the famous <\/span><b>Manchego (Php 2,108\/kg) <\/b><span style=\"font-weight: 400\">cheese<\/span> <span style=\"font-weight: 400\">named after one of the fictional characters of Spanish poet Miguel Cervantes\u2019 Don Quixote novel.<\/span><\/p>\n<p style=\"text-align: center\"><img loading=\"lazy\" decoding=\"async\" class=\"aligncenter size-full wp-image-47984\" src=\"https:\/\/primer.com.ph\/blog\/wp-content\/uploads\/sites\/14\/2019\/09\/Cheese.jpg\" alt=\"\" width=\"800\" height=\"534\" srcset=\"https:\/\/primer.com.ph\/blog\/wp-content\/uploads\/sites\/14\/2019\/09\/Cheese.jpg 800w, https:\/\/primer.com.ph\/blog\/wp-content\/uploads\/sites\/14\/2019\/09\/Cheese-300x200.jpg 300w, https:\/\/primer.com.ph\/blog\/wp-content\/uploads\/sites\/14\/2019\/09\/Cheese-768x513.jpg 768w\" sizes=\"auto, (max-width: 800px) 100vw, 800px\" \/><span style=\"font-size: 10pt\"><em>The Mahon and San Simon da Costa cheeses are now available in S\u00e4ntis Delicatessen<\/em><\/span><\/p>\n<p style=\"text-align: justify\"><span style=\"font-weight: 400\">Other products used in the food tasting were Vinagre de Jerez (Sherry Vinegar), Aceite de Oliva Virgen Extra (Extra Virgin Olive Oil), Manzanilla Olive, and Mojo Ayanato Red Spicy Sauce.<\/span><\/p>\n<p style=\"text-align: justify\"><img loading=\"lazy\" decoding=\"async\" class=\"aligncenter size-full wp-image-47995\" src=\"https:\/\/primer.com.ph\/blog\/wp-content\/uploads\/sites\/14\/2019\/09\/olmeda-products.jpg\" alt=\"\" width=\"800\" height=\"600\" srcset=\"https:\/\/primer.com.ph\/blog\/wp-content\/uploads\/sites\/14\/2019\/09\/olmeda-products.jpg 800w, https:\/\/primer.com.ph\/blog\/wp-content\/uploads\/sites\/14\/2019\/09\/olmeda-products-290x218.jpg 290w, https:\/\/primer.com.ph\/blog\/wp-content\/uploads\/sites\/14\/2019\/09\/olmeda-products-300x225.jpg 300w, https:\/\/primer.com.ph\/blog\/wp-content\/uploads\/sites\/14\/2019\/09\/olmeda-products-768x576.jpg 768w\" sizes=\"auto, (max-width: 800px) 100vw, 800px\" \/><\/p>\n<p style=\"text-align: justify\"><span style=\"font-weight: 400\">Meanwhile, two Spanish wines were featured during the in-store wine tasting, including <strong>Marqu\u00e9s de la Concordia\u2019s Rioja Tempranillo red wine <\/strong>and <strong>Vega-Reina Verdejo white wine.\u00a0<\/strong> <\/span><\/p>\n<p style=\"text-align: justify\"><span style=\"font-weight: 400\">Both are available in discounted prices until September 15 only.<\/span><\/p>\n<p style=\"text-align: justify\"><img loading=\"lazy\" decoding=\"async\" class=\"aligncenter size-full wp-image-47996\" src=\"https:\/\/primer.com.ph\/blog\/wp-content\/uploads\/sites\/14\/2019\/09\/wines.jpg\" alt=\"\" width=\"800\" height=\"534\" srcset=\"https:\/\/primer.com.ph\/blog\/wp-content\/uploads\/sites\/14\/2019\/09\/wines.jpg 800w, https:\/\/primer.com.ph\/blog\/wp-content\/uploads\/sites\/14\/2019\/09\/wines-300x200.jpg 300w, https:\/\/primer.com.ph\/blog\/wp-content\/uploads\/sites\/14\/2019\/09\/wines-768x513.jpg 768w\" sizes=\"auto, (max-width: 800px) 100vw, 800px\" \/><\/p>\n<p style=\"text-align: justify\"><span style=\"font-weight: 400\">Don\u2019t miss the rest of S\u00e4ntis Delicatessen\u2019s in-store food and wine tasting in the Timog branch on September 13 and Yakal branch on September 14.<\/span><\/p>\n<p><em>Also read:\u00a0<a href=\"https:\/\/primer.com.ph\/food\/cuisines\/french\/santis-delicatessen-in-yakal-st-makati\/\">S\u00e4ntis Delicatessen in Yakal, Makati: A Haven of Fresh Gourmet Products and Fine Wines<\/a><\/em><\/p>\n<hr \/>\n<p style=\"text-align: justify\"><span style=\"font-size: 10pt\"><em>Written by Deneca Ordinanza<\/em><\/span><\/p>\n","protected":false},"excerpt":{"rendered":"<p>S\u00e4ntis Delicatessen brought the owner and brand ambassador of Olmeda Origenes Jes\u00fas Pel\u00e1ez for an in-store food and wine tasting.<\/p>\n","protected":false},"author":3,"featured_media":47997,"comment_status":"open","ping_status":"open","sticky":false,"template":"","format":"standard","meta":{"footnotes":""},"categories":[95,97],"tags":[10623,10621,10622,10620,2023,10628,10629,10625,10626,10627,7753,10624,3838,10619],"class_list":["post-47979","post","type-post","status-publish","format-standard","has-post-thumbnail","hentry","category-feature-story","category-special-offer","tag-in-store-food-and-wine-tasting","tag-jesus-pelaez","tag-jesus-pelaez-olmeda-origenes","tag-olmeda-origenes","tag-santis-delicatessen","tag-santis-delicatessen-2019","tag-santis-delicatessen-events-2019","tag-santis-delicatessen-food-and-wine-tasting","tag-santis-delicatessen-wine-tasting","tag-santis-delicatessen-wine-tasting-2019","tag-spanish-cuisine","tag-spanish-deli","tag-spanish-food","tag-taste-of-spain"],"acf":[],"jetpack_featured_media_url":"https:\/\/primer.com.ph\/blog\/wp-content\/uploads\/sites\/14\/2019\/09\/Jesus-Pelaez_3.jpg","_links":{"self":[{"href":"https:\/\/primer.com.ph\/blog\/wp-json\/wp\/v2\/posts\/47979","targetHints":{"allow":["GET"]}}],"collection":[{"href":"https:\/\/primer.com.ph\/blog\/wp-json\/wp\/v2\/posts"}],"about":[{"href":"https:\/\/primer.com.ph\/blog\/wp-json\/wp\/v2\/types\/post"}],"author":[{"embeddable":true,"href":"https:\/\/primer.com.ph\/blog\/wp-json\/wp\/v2\/users\/3"}],"replies":[{"embeddable":true,"href":"https:\/\/primer.com.ph\/blog\/wp-json\/wp\/v2\/comments?post=47979"}],"version-history":[{"count":7,"href":"https:\/\/primer.com.ph\/blog\/wp-json\/wp\/v2\/posts\/47979\/revisions"}],"predecessor-version":[{"id":48008,"href":"https:\/\/primer.com.ph\/blog\/wp-json\/wp\/v2\/posts\/47979\/revisions\/48008"}],"wp:featuredmedia":[{"embeddable":true,"href":"https:\/\/primer.com.ph\/blog\/wp-json\/wp\/v2\/media\/47997"}],"wp:attachment":[{"href":"https:\/\/primer.com.ph\/blog\/wp-json\/wp\/v2\/media?parent=47979"}],"wp:term":[{"taxonomy":"category","embeddable":true,"href":"https:\/\/primer.com.ph\/blog\/wp-json\/wp\/v2\/categories?post=47979"},{"taxonomy":"post_tag","embeddable":true,"href":"https:\/\/primer.com.ph\/blog\/wp-json\/wp\/v2\/tags?post=47979"}],"curies":[{"name":"wp","href":"https:\/\/api.w.org\/{rel}","templated":true}]}}